{"id":1268,"date":"2020-12-12T12:49:46","date_gmt":"2020-12-12T11:49:46","guid":{"rendered":"https:\/\/nasza-dieta.pl\/blog\/?p=1268"},"modified":"2020-12-12T12:50:46","modified_gmt":"2020-12-12T11:50:46","slug":"salatka-z-kuskusem-burakiem-i-feta","status":"publish","type":"post","link":"https:\/\/nasza-dieta.pl\/blog\/salatka-z-kuskusem-burakiem-i-feta\/","title":{"rendered":"Przepis na&nbsp;sa\u0142atk\u0119 z&nbsp;kuskusem, burakiem i&nbsp;fet\u0105"},"content":{"rendered":"<p>A&nbsp;jak nie&nbsp;z&nbsp;makaronem to&nbsp;mo\u017ce z&nbsp;sa\u0142atka z&nbsp;kasz\u0105? Buraki, feta, rukola, granat to&nbsp;jedno z&nbsp;moich&nbsp;ulubionych po\u0142\u0105cze\u0144. Kuskus idealnie \u0142\u0105czy si\u0119 z&nbsp;owocami! To&nbsp;idealna propozycja na&nbsp;lunch w&nbsp;pracy. Wypr\u00f3bujecie w&nbsp;przysz\u0142ym tygodniu? Na&nbsp;buraki teraz sezon wi\u0119c&nbsp;testujcie do&nbsp;woli r\u00f3\u017cnych po\u0142\u0105cze\u0144! Z&nbsp;serem mozzarella, serem kozim, a&nbsp;nawet twarogiem, serkiem wiejskim. W&nbsp;Lidlu i&nbsp;Biedronce znajdziecie ju\u017c gotowe, ugotowane buraki co u\u0142atwia i&nbsp;przyspiesza przygotowanie sa\u0142atki. Oszcz\u0119dno\u015b\u0107 czasu i&nbsp;energii&#8230;i r\u0119ce niezafarbowane na&nbsp;r\u00f3\u017cowo \ud83d\ude09<\/p>\n<p><!--more--><\/p>\n<h1>Sa\u0142atka z&nbsp;kuskusem, burakiem i&nbsp;fet\u0105&#8230;w po\u0142\u0105czeniu z&nbsp;rukol\u0105 i&nbsp;granatem!<\/h1>\n<h2>Sk\u0142adniki na&nbsp;4 porcje:<\/h2>\n<ul>\n<li>\u00bd opakowania kaszy kuskus<\/li>\n<li>2 szt \u015bredniej wielko\u015bci buraka<\/li>\n<li>\u00bd \u00a0opakowania sera fety<\/li>\n<li>Gar\u015b\u0107 rukoli<\/li>\n<li>\u00bd owoc\u00f3w granatu<\/li>\n<li>\u0141y\u017cka upra\u017conego s\u0142onecznia lub orzech\u00f3w w\u0142oskich<\/li>\n<\/ul>\n<h2>Przygotownie:<\/h2>\n<p>Kasz\u0119 kuskus zala\u0107 wrz\u0105c\u0105 wod\u0105 ze&nbsp;szczypt\u0105 soli, przykry\u0107 i&nbsp;odczeka\u0107, a\u017c nap\u0119cznienieje ok 5 min. Wymiesza\u0107 kasz\u0119 i&nbsp;poczeka\u0107, a\u017c ostygnie. Fet\u0119 i&nbsp;buraka pokroi\u0107 w&nbsp;kosteczk\u0119. Wymiesza\u0107 sk\u0142adniki i&nbsp;posypa\u0107 owocami granatu, rukol\u0105 i&nbsp;upra\u017conymi nasionami. Osobi\u015bcie do&nbsp;po\u0142\u0105czenia wszystkich sk\u0142adnik\u00f3w u\u017cy\u0142am gotowego sosu z&nbsp;owocu granatu, kt\u00f3ry&nbsp;dosta\u0142am od&nbsp;przyjaci\u00f3\u0142 z&nbsp;ich podr\u00f3\u017cy na&nbsp;Cypr. Z&nbsp;\u0142atwo\u015bci\u0105 mo\u017cna go zast\u0105pi\u0107 skropi\u0105c sa\u0142atk\u0119 oliw\u0105 z&nbsp;oliwek z&nbsp;dodatkiem soku z&nbsp;cytryny, miodu i&nbsp;octu balsamicznego.<\/p>\n<p>I&nbsp;ten pi\u0119kny kolor! Robi\u0119 si\u0119 g\u0142odna na&nbsp;sam widok \ud83d\ude09 Smacznego!<\/p>\n<p>&nbsp;<\/p>\n","protected":false},"excerpt":{"rendered":"<p>A&nbsp;jak nie&nbsp;z&nbsp;makaronem to&nbsp;mo\u017ce z&nbsp;sa\u0142atka z&nbsp;kasz\u0105? Buraki, feta, rukola, granat to&nbsp;jedno z&nbsp;moich&nbsp;ulubionych po\u0142\u0105cze\u0144. Kuskus idealnie \u0142\u0105czy si\u0119 z&nbsp;owocami! To&nbsp;idealna propozycja na&nbsp;lunch w&nbsp;pracy. Wypr\u00f3bujecie w&nbsp;przysz\u0142ym tygodniu? Na&nbsp;buraki teraz sezon wi\u0119c&nbsp;testujcie do&nbsp;woli r\u00f3\u017cnych po\u0142\u0105cze\u0144! Z&nbsp;serem mozzarella, serem kozim, a&nbsp;nawet twarogiem, serkiem wiejskim. W&nbsp;Lidlu i&nbsp;Biedronce znajdziecie ju\u017c gotowe, ugotowane buraki co u\u0142atwia i&nbsp;przyspiesza przygotowanie sa\u0142atki. Oszcz\u0119dno\u015b\u0107 czasu i&nbsp;energii&#8230;i r\u0119ce [&hellip;]<\/p>\n","protected":false},"author":2,"featured_media":1269,"comment_status":"open","ping_status":"open","sticky":false,"template":"","format":"standard","meta":{"wprm-recipe-roundup-name":"","wprm-recipe-roundup-description":"","footnotes":""},"categories":[5],"tags":[204,261,260,140,131,207,208],"_links":{"self":[{"href":"https:\/\/nasza-dieta.pl\/blog\/wp-json\/wp\/v2\/posts\/1268"}],"collection":[{"href":"https:\/\/nasza-dieta.pl\/blog\/wp-json\/wp\/v2\/posts"}],"about":[{"href":"https:\/\/nasza-dieta.pl\/blog\/wp-json\/wp\/v2\/types\/post"}],"author":[{"embeddable":true,"href":"https:\/\/nasza-dieta.pl\/blog\/wp-json\/wp\/v2\/users\/2"}],"replies":[{"embeddable":true,"href":"https:\/\/nasza-dieta.pl\/blog\/wp-json\/wp\/v2\/comments?post=1268"}],"version-history":[{"count":3,"href":"https:\/\/nasza-dieta.pl\/blog\/wp-json\/wp\/v2\/posts\/1268\/revisions"}],"predecessor-version":[{"id":1272,"href":"https:\/\/nasza-dieta.pl\/blog\/wp-json\/wp\/v2\/posts\/1268\/revisions\/1272"}],"wp:featuredmedia":[{"embeddable":true,"href":"https:\/\/nasza-dieta.pl\/blog\/wp-json\/wp\/v2\/media\/1269"}],"wp:attachment":[{"href":"https:\/\/nasza-dieta.pl\/blog\/wp-json\/wp\/v2\/media?parent=1268"}],"wp:term":[{"taxonomy":"category","embeddable":true,"href":"https:\/\/nasza-dieta.pl\/blog\/wp-json\/wp\/v2\/categories?post=1268"},{"taxonomy":"post_tag","embeddable":true,"href":"https:\/\/nasza-dieta.pl\/blog\/wp-json\/wp\/v2\/tags?post=1268"}],"curies":[{"name":"wp","href":"https:\/\/api.w.org\/{rel}","templated":true}]}}